{"id":40552,"date":"2025-03-31T10:12:41","date_gmt":"2025-03-31T13:12:41","guid":{"rendered":"https:\/\/new7.shop\/zerocostfreehost\/index.php\/2025\/03\/31\/que-es-el-gravel-la-bicicleta-ideal-para-montana-asfalto-y-aventura\/"},"modified":"2025-03-31T10:12:41","modified_gmt":"2025-03-31T13:12:41","slug":"que-es-el-gravel-la-bicicleta-ideal-para-montana-asfalto-y-aventura","status":"publish","type":"post","link":"https:\/\/new7.shop\/zerocostfreehost\/index.php\/2025\/03\/31\/que-es-el-gravel-la-bicicleta-ideal-para-montana-asfalto-y-aventura\/","title":{"rendered":"\u00bfQu\u00e9 es el gravel? La bicicleta ideal para monta\u00f1a, asfalto y aventura"},"content":{"rendered":"<h2 class=\"wp-block-heading\"><strong>Una bici para todos los caminos<\/strong><\/h2>\n<p>El gravel es mucho m\u00e1s que una tendencia: es una forma de vivir el ciclismo con libertad total. Nace de la mezcla entre carretera y monta\u00f1a, con el objetivo de romper los l\u00edmites de las rutas tradicionales. \u00bfLa clave? La bicicleta de gravel, dise\u00f1ada para adaptarse a cualquier terreno: asfalto, pistas de tierra, senderos, caminos rurales y todo lo que surja entre medio.<\/p>\n<div aria-hidden=\"true\" class=\"wp-block-spacer\"><\/div>\n<p>De hecho, \u00abgravel\u00bb significa grava en ingl\u00e9s, lo cual define perfectamente el tipo de superficie para la que est\u00e1 pensada esta modalidad. Si te apasiona la aventura, explorar y quieres una sola bici para todo, el gravel es para ti.<\/p>\n<div aria-hidden=\"true\" class=\"wp-block-spacer\"><\/div>\n<h2 class=\"wp-block-heading\"><strong>\u00bfQu\u00e9 hace especial a una bicicleta de gravel?<\/strong><\/h2>\n<p>Aunque a simple vista se parezcan a una bici de carretera, las bicicletas de gravel tienen diferencias clave que las convierten en aut\u00e9nticas m\u00e1quinas todoterreno:<\/p>\n<ul class=\"wp-block-list\">\n<li><strong>Admiten equipaje:<\/strong> muchas incluyen anclajes para bolsas, portaequipajes o alforjas de bikepacking.<\/li>\n<li><strong>Geometr\u00eda c\u00f3moda:<\/strong> pensadas para mantener una postura relajada en rutas largas.<\/li>\n<li><strong>Neum\u00e1ticos m\u00e1s anchos:<\/strong> para rodar con m\u00e1s seguridad en tierra, grava o barro.<\/li>\n<li><strong>Frenos de disco:<\/strong> potentes y eficaces incluso con lluvia o en bajadas complicadas.<\/li>\n<li><strong>Manillar curvo abierto:<\/strong> ofrece mayor control en caminos t\u00e9cnicos o irregulares.<\/li>\n<\/ul>\n<h2 class=\"wp-block-heading\"><strong>\u00bfQu\u00e9 necesitas para practicar gravel ?<\/strong><\/h2>\n<p>En <a href=\"https:\/\/www.365rider.com\/\" target=\"_blank\" rel=\"noopener\" title=\"365Rider\"><mark class=\"has-inline-color\">365Rider<\/mark><\/a> te mostramos lo imprescindible para equiparte en esta modalidad:<\/p>\n<div aria-hidden=\"true\" class=\"wp-block-spacer\"><\/div>\n<h3 class=\"wp-block-heading\">Equipaci\u00f3n completa en 365Rider <\/h3>\n<figure class=\"wp-block-gallery has-nested-images columns-default is-cropped wp-block-gallery-1 is-layout-flex wp-block-gallery-is-layout-flex\">\n<figure class=\"wp-block-image size-large\"><a href=\"https:\/\/www.365rider.com\/equipacion-ciclismo-\/12690-chaqueta-q365-adventure-winter-color-negro-hombre.html\" target=\"_blank\" rel=\" noreferrer noopener\"><img data-opt-id=758893364  fetchpriority=\"high\" decoding=\"async\" src=\"data:image\/gif;base64,R0lGODlhAQABAIAAAAAAAP\/\/\/ywAAAAAAQABAAACAUwAOw==\" fifu-lazy=\"1\" fifu-data-sizes=\"auto\" fifu-data-srcset=\"https:\/\/mlmjbqro95r8.i.optimole.com\/cb:bOxR.6a5\/w:auto\/h:auto\/q:mauto\/f:best\/https:\/\/i2.wp.com\/magazine.365rider.com\/wp-content\/uploads\/2025\/03\/chaqueta-q365-adventure-winter-color-negro-hombre-1-1-1024x1024.jpg?ssl=1&w=75&resize=75&ssl=1 75w, https:\/\/mlmjbqro95r8.i.optimole.com\/cb:bOxR.6a5\/w:auto\/h:auto\/q:mauto\/f:best\/https:\/\/i2.wp.com\/magazine.365rider.com\/wp-content\/uploads\/2025\/03\/chaqueta-q365-adventure-winter-color-negro-hombre-1-1-1024x1024.jpg?ssl=1&w=100&resize=100&ssl=1 100w, https:\/\/mlmjbqro95r8.i.optimole.com\/cb:bOxR.6a5\/w:auto\/h:auto\/q:mauto\/f:best\/https:\/\/i2.wp.com\/magazine.365rider.com\/wp-content\/uploads\/2025\/03\/chaqueta-q365-adventure-winter-color-negro-hombre-1-1-1024x1024.jpg?ssl=1&w=150&resize=150&ssl=1 150w, https:\/\/mlmjbqro95r8.i.optimole.com\/cb:bOxR.6a5\/w:auto\/h:auto\/q:mauto\/f:best\/https:\/\/i2.wp.com\/magazine.365rider.com\/wp-content\/uploads\/2025\/03\/chaqueta-q365-adventure-winter-color-negro-hombre-1-1-1024x1024.jpg?ssl=1&w=240&resize=240&ssl=1 240w, https:\/\/mlmjbqro95r8.i.optimole.com\/cb:bOxR.6a5\/w:auto\/h:auto\/q:mauto\/f:best\/https:\/\/i2.wp.com\/magazine.365rider.com\/wp-content\/uploads\/2025\/03\/chaqueta-q365-adventure-winter-color-negro-hombre-1-1-1024x1024.jpg?ssl=1&w=320&resize=320&ssl=1 320w, https:\/\/mlmjbqro95r8.i.optimole.com\/cb:bOxR.6a5\/w:auto\/h:auto\/q:mauto\/f:best\/https:\/\/i2.wp.com\/magazine.365rider.com\/wp-content\/uploads\/2025\/03\/chaqueta-q365-adventure-winter-color-negro-hombre-1-1-1024x1024.jpg?ssl=1&w=500&resize=500&ssl=1 500w, https:\/\/mlmjbqro95r8.i.optimole.com\/cb:bOxR.6a5\/w:auto\/h:auto\/q:mauto\/f:best\/https:\/\/i2.wp.com\/magazine.365rider.com\/wp-content\/uploads\/2025\/03\/chaqueta-q365-adventure-winter-color-negro-hombre-1-1-1024x1024.jpg?ssl=1&w=640&resize=640&ssl=1 640w, https:\/\/mlmjbqro95r8.i.optimole.com\/cb:bOxR.6a5\/w:auto\/h:auto\/q:mauto\/f:best\/https:\/\/i2.wp.com\/magazine.365rider.com\/wp-content\/uploads\/2025\/03\/chaqueta-q365-adventure-winter-color-negro-hombre-1-1-1024x1024.jpg?ssl=1&w=800&resize=800&ssl=1 800w, https:\/\/mlmjbqro95r8.i.optimole.com\/cb:bOxR.6a5\/w:auto\/h:auto\/q:mauto\/f:best\/https:\/\/i2.wp.com\/magazine.365rider.com\/wp-content\/uploads\/2025\/03\/chaqueta-q365-adventure-winter-color-negro-hombre-1-1-1024x1024.jpg?ssl=1&w=1024&resize=1024&ssl=1 1024w, https:\/\/mlmjbqro95r8.i.optimole.com\/cb:bOxR.6a5\/w:auto\/h:auto\/q:mauto\/f:best\/https:\/\/i2.wp.com\/magazine.365rider.com\/wp-content\/uploads\/2025\/03\/chaqueta-q365-adventure-winter-color-negro-hombre-1-1-1024x1024.jpg?ssl=1&w=1280&resize=1280&ssl=1 1280w, https:\/\/mlmjbqro95r8.i.optimole.com\/cb:bOxR.6a5\/w:auto\/h:auto\/q:mauto\/f:best\/https:\/\/i2.wp.com\/magazine.365rider.com\/wp-content\/uploads\/2025\/03\/chaqueta-q365-adventure-winter-color-negro-hombre-1-1-1024x1024.jpg?ssl=1&w=1600&resize=1600&ssl=1 1600w\" width=\"1024\" height=\"1024\" data-id=\"7327\" fifu-data-src=\"https:\/\/mlmjbqro95r8.i.optimole.com\/cb:bOxR.6a5\/w:auto\/h:auto\/q:mauto\/f:best\/https:\/\/i2.wp.com\/magazine.365rider.com\/wp-content\/uploads\/2025\/03\/chaqueta-q365-adventure-winter-color-negro-hombre-1-1-1024x1024.jpg?ssl=1\" alt=\"\" class=\"wp-image-7327\" \/><\/a><\/figure>\n<figure class=\"wp-block-image size-large\"><a href=\"https:\/\/www.365rider.com\/equipacion-ciclismo-\/15942-maillot-q365-adventure-manga-corta-gris-negro.html\" target=\"_blank\" rel=\" noreferrer noopener\"><img data-opt-id=758893364  fetchpriority=\"high\" decoding=\"async\" src=\"data:image\/gif;base64,R0lGODlhAQABAIAAAAAAAP\/\/\/ywAAAAAAQABAAACAUwAOw==\" fifu-lazy=\"1\" fifu-data-sizes=\"auto\" fifu-data-srcset=\"https:\/\/mlmjbqro95r8.i.optimole.com\/cb:bOxR.6a5\/w:auto\/h:auto\/q:mauto\/f:best\/https:\/\/i1.wp.com\/magazine.365rider.com\/wp-content\/uploads\/2025\/03\/maillot-q365-adventure-manga-corta-gris-negro-1-1-1024x1024.jpg?ssl=1&w=75&resize=75&ssl=1 75w, https:\/\/mlmjbqro95r8.i.optimole.com\/cb:bOxR.6a5\/w:auto\/h:auto\/q:mauto\/f:best\/https:\/\/i1.wp.com\/magazine.365rider.com\/wp-content\/uploads\/2025\/03\/maillot-q365-adventure-manga-corta-gris-negro-1-1-1024x1024.jpg?ssl=1&w=100&resize=100&ssl=1 100w, https:\/\/mlmjbqro95r8.i.optimole.com\/cb:bOxR.6a5\/w:auto\/h:auto\/q:mauto\/f:best\/https:\/\/i1.wp.com\/magazine.365rider.com\/wp-content\/uploads\/2025\/03\/maillot-q365-adventure-manga-corta-gris-negro-1-1-1024x1024.jpg?ssl=1&w=150&resize=150&ssl=1 150w, https:\/\/mlmjbqro95r8.i.optimole.com\/cb:bOxR.6a5\/w:auto\/h:auto\/q:mauto\/f:best\/https:\/\/i1.wp.com\/magazine.365rider.com\/wp-content\/uploads\/2025\/03\/maillot-q365-adventure-manga-corta-gris-negro-1-1-1024x1024.jpg?ssl=1&w=240&resize=240&ssl=1 240w, https:\/\/mlmjbqro95r8.i.optimole.com\/cb:bOxR.6a5\/w:auto\/h:auto\/q:mauto\/f:best\/https:\/\/i1.wp.com\/magazine.365rider.com\/wp-content\/uploads\/2025\/03\/maillot-q365-adventure-manga-corta-gris-negro-1-1-1024x1024.jpg?ssl=1&w=320&resize=320&ssl=1 320w, https:\/\/mlmjbqro95r8.i.optimole.com\/cb:bOxR.6a5\/w:auto\/h:auto\/q:mauto\/f:best\/https:\/\/i1.wp.com\/magazine.365rider.com\/wp-content\/uploads\/2025\/03\/maillot-q365-adventure-manga-corta-gris-negro-1-1-1024x1024.jpg?ssl=1&w=500&resize=500&ssl=1 500w, https:\/\/mlmjbqro95r8.i.optimole.com\/cb:bOxR.6a5\/w:auto\/h:auto\/q:mauto\/f:best\/https:\/\/i1.wp.com\/magazine.365rider.com\/wp-content\/uploads\/2025\/03\/maillot-q365-adventure-manga-corta-gris-negro-1-1-1024x1024.jpg?ssl=1&w=640&resize=640&ssl=1 640w, https:\/\/mlmjbqro95r8.i.optimole.com\/cb:bOxR.6a5\/w:auto\/h:auto\/q:mauto\/f:best\/https:\/\/i1.wp.com\/magazine.365rider.com\/wp-content\/uploads\/2025\/03\/maillot-q365-adventure-manga-corta-gris-negro-1-1-1024x1024.jpg?ssl=1&w=800&resize=800&ssl=1 800w, https:\/\/mlmjbqro95r8.i.optimole.com\/cb:bOxR.6a5\/w:auto\/h:auto\/q:mauto\/f:best\/https:\/\/i1.wp.com\/magazine.365rider.com\/wp-content\/uploads\/2025\/03\/maillot-q365-adventure-manga-corta-gris-negro-1-1-1024x1024.jpg?ssl=1&w=1024&resize=1024&ssl=1 1024w, https:\/\/mlmjbqro95r8.i.optimole.com\/cb:bOxR.6a5\/w:auto\/h:auto\/q:mauto\/f:best\/https:\/\/i1.wp.com\/magazine.365rider.com\/wp-content\/uploads\/2025\/03\/maillot-q365-adventure-manga-corta-gris-negro-1-1-1024x1024.jpg?ssl=1&w=1280&resize=1280&ssl=1 1280w, https:\/\/mlmjbqro95r8.i.optimole.com\/cb:bOxR.6a5\/w:auto\/h:auto\/q:mauto\/f:best\/https:\/\/i1.wp.com\/magazine.365rider.com\/wp-content\/uploads\/2025\/03\/maillot-q365-adventure-manga-corta-gris-negro-1-1-1024x1024.jpg?ssl=1&w=1600&resize=1600&ssl=1 1600w\" width=\"1024\" height=\"1024\" data-id=\"7326\" fifu-data-src=\"https:\/\/mlmjbqro95r8.i.optimole.com\/cb:bOxR.6a5\/w:auto\/h:auto\/q:mauto\/f:best\/https:\/\/i1.wp.com\/magazine.365rider.com\/wp-content\/uploads\/2025\/03\/maillot-q365-adventure-manga-corta-gris-negro-1-1-1024x1024.jpg?ssl=1\" alt=\"\" class=\"wp-image-7326\" \/><\/a><\/figure>\n<figure class=\"wp-block-image size-large\"><a href=\"https:\/\/www.365rider.com\/equipacion-ciclismo-\/18555-culote-q365-adventure-cargo-negro.html\" target=\"_blank\" rel=\" noreferrer noopener\"><img data-opt-id=758893364  decoding=\"async\" src=\"data:image\/gif;base64,R0lGODlhAQABAIAAAAAAAP\/\/\/ywAAAAAAQABAAACAUwAOw==\" fifu-lazy=\"1\" fifu-data-sizes=\"auto\" fifu-data-srcset=\"https:\/\/mlmjbqro95r8.i.optimole.com\/cb:bOxR.6a5\/w:auto\/h:auto\/q:mauto\/f:best\/https:\/\/i2.wp.com\/magazine.365rider.com\/wp-content\/uploads\/2025\/03\/culote-q365-adventure-cargo-negro-1-1-1024x1024.jpg?ssl=1&w=75&resize=75&ssl=1 75w, https:\/\/mlmjbqro95r8.i.optimole.com\/cb:bOxR.6a5\/w:auto\/h:auto\/q:mauto\/f:best\/https:\/\/i2.wp.com\/magazine.365rider.com\/wp-content\/uploads\/2025\/03\/culote-q365-adventure-cargo-negro-1-1-1024x1024.jpg?ssl=1&w=100&resize=100&ssl=1 100w, https:\/\/mlmjbqro95r8.i.optimole.com\/cb:bOxR.6a5\/w:auto\/h:auto\/q:mauto\/f:best\/https:\/\/i2.wp.com\/magazine.365rider.com\/wp-content\/uploads\/2025\/03\/culote-q365-adventure-cargo-negro-1-1-1024x1024.jpg?ssl=1&w=150&resize=150&ssl=1 150w, https:\/\/mlmjbqro95r8.i.optimole.com\/cb:bOxR.6a5\/w:auto\/h:auto\/q:mauto\/f:best\/https:\/\/i2.wp.com\/magazine.365rider.com\/wp-content\/uploads\/2025\/03\/culote-q365-adventure-cargo-negro-1-1-1024x1024.jpg?ssl=1&w=240&resize=240&ssl=1 240w, https:\/\/mlmjbqro95r8.i.optimole.com\/cb:bOxR.6a5\/w:auto\/h:auto\/q:mauto\/f:best\/https:\/\/i2.wp.com\/magazine.365rider.com\/wp-content\/uploads\/2025\/03\/culote-q365-adventure-cargo-negro-1-1-1024x1024.jpg?ssl=1&w=320&resize=320&ssl=1 320w, https:\/\/mlmjbqro95r8.i.optimole.com\/cb:bOxR.6a5\/w:auto\/h:auto\/q:mauto\/f:best\/https:\/\/i2.wp.com\/magazine.365rider.com\/wp-content\/uploads\/2025\/03\/culote-q365-adventure-cargo-negro-1-1-1024x1024.jpg?ssl=1&w=500&resize=500&ssl=1 500w, https:\/\/mlmjbqro95r8.i.optimole.com\/cb:bOxR.6a5\/w:auto\/h:auto\/q:mauto\/f:best\/https:\/\/i2.wp.com\/magazine.365rider.com\/wp-content\/uploads\/2025\/03\/culote-q365-adventure-cargo-negro-1-1-1024x1024.jpg?ssl=1&w=640&resize=640&ssl=1 640w, https:\/\/mlmjbqro95r8.i.optimole.com\/cb:bOxR.6a5\/w:auto\/h:auto\/q:mauto\/f:best\/https:\/\/i2.wp.com\/magazine.365rider.com\/wp-content\/uploads\/2025\/03\/culote-q365-adventure-cargo-negro-1-1-1024x1024.jpg?ssl=1&w=800&resize=800&ssl=1 800w, https:\/\/mlmjbqro95r8.i.optimole.com\/cb:bOxR.6a5\/w:auto\/h:auto\/q:mauto\/f:best\/https:\/\/i2.wp.com\/magazine.365rider.com\/wp-content\/uploads\/2025\/03\/culote-q365-adventure-cargo-negro-1-1-1024x1024.jpg?ssl=1&w=1024&resize=1024&ssl=1 1024w, https:\/\/mlmjbqro95r8.i.optimole.com\/cb:bOxR.6a5\/w:auto\/h:auto\/q:mauto\/f:best\/https:\/\/i2.wp.com\/magazine.365rider.com\/wp-content\/uploads\/2025\/03\/culote-q365-adventure-cargo-negro-1-1-1024x1024.jpg?ssl=1&w=1280&resize=1280&ssl=1 1280w, https:\/\/mlmjbqro95r8.i.optimole.com\/cb:bOxR.6a5\/w:auto\/h:auto\/q:mauto\/f:best\/https:\/\/i2.wp.com\/magazine.365rider.com\/wp-content\/uploads\/2025\/03\/culote-q365-adventure-cargo-negro-1-1-1024x1024.jpg?ssl=1&w=1600&resize=1600&ssl=1 1600w\" width=\"1024\" height=\"1024\" data-id=\"7328\" fifu-data-src=\"https:\/\/mlmjbqro95r8.i.optimole.com\/cb:bOxR.6a5\/w:auto\/h:auto\/q:mauto\/f:best\/https:\/\/i2.wp.com\/magazine.365rider.com\/wp-content\/uploads\/2025\/03\/culote-q365-adventure-cargo-negro-1-1-1024x1024.jpg?ssl=1\" alt=\"\" class=\"wp-image-7328\" \/><\/a><\/figure>\n<figure class=\"wp-block-image size-large\"><a href=\"https:\/\/www.365rider.com\/zapatillas-ciclismo-\/9715-zapatillas-q365-unique-adventure-negro.html\" target=\"_blank\" rel=\" noreferrer noopener\"><img data-opt-id=758893364  decoding=\"async\" src=\"data:image\/gif;base64,R0lGODlhAQABAIAAAAAAAP\/\/\/ywAAAAAAQABAAACAUwAOw==\" fifu-lazy=\"1\" fifu-data-sizes=\"auto\" fifu-data-srcset=\"https:\/\/mlmjbqro95r8.i.optimole.com\/cb:bOxR.6a5\/w:auto\/h:auto\/q:mauto\/f:best\/https:\/\/i0.wp.com\/magazine.365rider.com\/wp-content\/uploads\/2025\/03\/zapatillas-q365-unique-adventure-negro-1-1-edited-1024x768.jpg?ssl=1&w=75&resize=75&ssl=1 75w, https:\/\/mlmjbqro95r8.i.optimole.com\/cb:bOxR.6a5\/w:auto\/h:auto\/q:mauto\/f:best\/https:\/\/i0.wp.com\/magazine.365rider.com\/wp-content\/uploads\/2025\/03\/zapatillas-q365-unique-adventure-negro-1-1-edited-1024x768.jpg?ssl=1&w=100&resize=100&ssl=1 100w, https:\/\/mlmjbqro95r8.i.optimole.com\/cb:bOxR.6a5\/w:auto\/h:auto\/q:mauto\/f:best\/https:\/\/i0.wp.com\/magazine.365rider.com\/wp-content\/uploads\/2025\/03\/zapatillas-q365-unique-adventure-negro-1-1-edited-1024x768.jpg?ssl=1&w=150&resize=150&ssl=1 150w, https:\/\/mlmjbqro95r8.i.optimole.com\/cb:bOxR.6a5\/w:auto\/h:auto\/q:mauto\/f:best\/https:\/\/i0.wp.com\/magazine.365rider.com\/wp-content\/uploads\/2025\/03\/zapatillas-q365-unique-adventure-negro-1-1-edited-1024x768.jpg?ssl=1&w=240&resize=240&ssl=1 240w, https:\/\/mlmjbqro95r8.i.optimole.com\/cb:bOxR.6a5\/w:auto\/h:auto\/q:mauto\/f:best\/https:\/\/i0.wp.com\/magazine.365rider.com\/wp-content\/uploads\/2025\/03\/zapatillas-q365-unique-adventure-negro-1-1-edited-1024x768.jpg?ssl=1&w=320&resize=320&ssl=1 320w, https:\/\/mlmjbqro95r8.i.optimole.com\/cb:bOxR.6a5\/w:auto\/h:auto\/q:mauto\/f:best\/https:\/\/i0.wp.com\/magazine.365rider.com\/wp-content\/uploads\/2025\/03\/zapatillas-q365-unique-adventure-negro-1-1-edited-1024x768.jpg?ssl=1&w=500&resize=500&ssl=1 500w, https:\/\/mlmjbqro95r8.i.optimole.com\/cb:bOxR.6a5\/w:auto\/h:auto\/q:mauto\/f:best\/https:\/\/i0.wp.com\/magazine.365rider.com\/wp-content\/uploads\/2025\/03\/zapatillas-q365-unique-adventure-negro-1-1-edited-1024x768.jpg?ssl=1&w=640&resize=640&ssl=1 640w, https:\/\/mlmjbqro95r8.i.optimole.com\/cb:bOxR.6a5\/w:auto\/h:auto\/q:mauto\/f:best\/https:\/\/i0.wp.com\/magazine.365rider.com\/wp-content\/uploads\/2025\/03\/zapatillas-q365-unique-adventure-negro-1-1-edited-1024x768.jpg?ssl=1&w=800&resize=800&ssl=1 800w, https:\/\/mlmjbqro95r8.i.optimole.com\/cb:bOxR.6a5\/w:auto\/h:auto\/q:mauto\/f:best\/https:\/\/i0.wp.com\/magazine.365rider.com\/wp-content\/uploads\/2025\/03\/zapatillas-q365-unique-adventure-negro-1-1-edited-1024x768.jpg?ssl=1&w=1024&resize=1024&ssl=1 1024w, https:\/\/mlmjbqro95r8.i.optimole.com\/cb:bOxR.6a5\/w:auto\/h:auto\/q:mauto\/f:best\/https:\/\/i0.wp.com\/magazine.365rider.com\/wp-content\/uploads\/2025\/03\/zapatillas-q365-unique-adventure-negro-1-1-edited-1024x768.jpg?ssl=1&w=1280&resize=1280&ssl=1 1280w, https:\/\/mlmjbqro95r8.i.optimole.com\/cb:bOxR.6a5\/w:auto\/h:auto\/q:mauto\/f:best\/https:\/\/i0.wp.com\/magazine.365rider.com\/wp-content\/uploads\/2025\/03\/zapatillas-q365-unique-adventure-negro-1-1-edited-1024x768.jpg?ssl=1&w=1600&resize=1600&ssl=1 1600w\" loading=\"lazy\" width=\"1024\" height=\"768\" data-id=\"7332\" fifu-data-src=\"https:\/\/mlmjbqro95r8.i.optimole.com\/cb:bOxR.6a5\/w:auto\/h:auto\/q:mauto\/f:best\/https:\/\/i0.wp.com\/magazine.365rider.com\/wp-content\/uploads\/2025\/03\/zapatillas-q365-unique-adventure-negro-1-1-edited-1024x768.jpg?ssl=1\" alt=\"\" class=\"wp-image-7332\" \/><\/a><\/figure>\n<figure class=\"wp-block-image size-large\"><a href=\"https:\/\/www.365rider.com\/cascos-\/8896-casco-poc-octal-mips-negro-mate-7325549978195.html\" target=\"_blank\" rel=\" noreferrer noopener\"><img data-opt-id=758893364  decoding=\"async\" src=\"data:image\/gif;base64,R0lGODlhAQABAIAAAAAAAP\/\/\/ywAAAAAAQABAAACAUwAOw==\" fifu-lazy=\"1\" fifu-data-sizes=\"auto\" fifu-data-srcset=\"https:\/\/mlmjbqro95r8.i.optimole.com\/cb:bOxR.6a5\/w:auto\/h:auto\/q:mauto\/f:best\/https:\/\/i0.wp.com\/magazine.365rider.com\/wp-content\/uploads\/2025\/03\/casco-poc-octal-mips-negro-mate-2-edited-1024x768.jpg?ssl=1&w=75&resize=75&ssl=1 75w, https:\/\/mlmjbqro95r8.i.optimole.com\/cb:bOxR.6a5\/w:auto\/h:auto\/q:mauto\/f:best\/https:\/\/i0.wp.com\/magazine.365rider.com\/wp-content\/uploads\/2025\/03\/casco-poc-octal-mips-negro-mate-2-edited-1024x768.jpg?ssl=1&w=100&resize=100&ssl=1 100w, https:\/\/mlmjbqro95r8.i.optimole.com\/cb:bOxR.6a5\/w:auto\/h:auto\/q:mauto\/f:best\/https:\/\/i0.wp.com\/magazine.365rider.com\/wp-content\/uploads\/2025\/03\/casco-poc-octal-mips-negro-mate-2-edited-1024x768.jpg?ssl=1&w=150&resize=150&ssl=1 150w, https:\/\/mlmjbqro95r8.i.optimole.com\/cb:bOxR.6a5\/w:auto\/h:auto\/q:mauto\/f:best\/https:\/\/i0.wp.com\/magazine.365rider.com\/wp-content\/uploads\/2025\/03\/casco-poc-octal-mips-negro-mate-2-edited-1024x768.jpg?ssl=1&w=240&resize=240&ssl=1 240w, https:\/\/mlmjbqro95r8.i.optimole.com\/cb:bOxR.6a5\/w:auto\/h:auto\/q:mauto\/f:best\/https:\/\/i0.wp.com\/magazine.365rider.com\/wp-content\/uploads\/2025\/03\/casco-poc-octal-mips-negro-mate-2-edited-1024x768.jpg?ssl=1&w=320&resize=320&ssl=1 320w, https:\/\/mlmjbqro95r8.i.optimole.com\/cb:bOxR.6a5\/w:auto\/h:auto\/q:mauto\/f:best\/https:\/\/i0.wp.com\/magazine.365rider.com\/wp-content\/uploads\/2025\/03\/casco-poc-octal-mips-negro-mate-2-edited-1024x768.jpg?ssl=1&w=500&resize=500&ssl=1 500w, https:\/\/mlmjbqro95r8.i.optimole.com\/cb:bOxR.6a5\/w:auto\/h:auto\/q:mauto\/f:best\/https:\/\/i0.wp.com\/magazine.365rider.com\/wp-content\/uploads\/2025\/03\/casco-poc-octal-mips-negro-mate-2-edited-1024x768.jpg?ssl=1&w=640&resize=640&ssl=1 640w, https:\/\/mlmjbqro95r8.i.optimole.com\/cb:bOxR.6a5\/w:auto\/h:auto\/q:mauto\/f:best\/https:\/\/i0.wp.com\/magazine.365rider.com\/wp-content\/uploads\/2025\/03\/casco-poc-octal-mips-negro-mate-2-edited-1024x768.jpg?ssl=1&w=800&resize=800&ssl=1 800w, https:\/\/mlmjbqro95r8.i.optimole.com\/cb:bOxR.6a5\/w:auto\/h:auto\/q:mauto\/f:best\/https:\/\/i0.wp.com\/magazine.365rider.com\/wp-content\/uploads\/2025\/03\/casco-poc-octal-mips-negro-mate-2-edited-1024x768.jpg?ssl=1&w=1024&resize=1024&ssl=1 1024w, https:\/\/mlmjbqro95r8.i.optimole.com\/cb:bOxR.6a5\/w:auto\/h:auto\/q:mauto\/f:best\/https:\/\/i0.wp.com\/magazine.365rider.com\/wp-content\/uploads\/2025\/03\/casco-poc-octal-mips-negro-mate-2-edited-1024x768.jpg?ssl=1&w=1280&resize=1280&ssl=1 1280w, https:\/\/mlmjbqro95r8.i.optimole.com\/cb:bOxR.6a5\/w:auto\/h:auto\/q:mauto\/f:best\/https:\/\/i0.wp.com\/magazine.365rider.com\/wp-content\/uploads\/2025\/03\/casco-poc-octal-mips-negro-mate-2-edited-1024x768.jpg?ssl=1&w=1600&resize=1600&ssl=1 1600w\" loading=\"lazy\" width=\"1024\" height=\"768\" data-id=\"7331\" fifu-data-src=\"https:\/\/mlmjbqro95r8.i.optimole.com\/cb:bOxR.6a5\/w:auto\/h:auto\/q:mauto\/f:best\/https:\/\/i0.wp.com\/magazine.365rider.com\/wp-content\/uploads\/2025\/03\/casco-poc-octal-mips-negro-mate-2-edited-1024x768.jpg?ssl=1\" alt=\"\" class=\"wp-image-7331\" \/><\/a><\/figure>\n<\/figure>\n<p><mark class=\"has-inline-color\"><a href=\"https:\/\/www.365rider.com\/172-equipacion-ciclismo-\" target=\"_blank\" rel=\"noopener\" title=\"\">Click en la imagen para explorar<\/a><\/mark><\/p>\n<div aria-hidden=\"true\" class=\"wp-block-spacer\"><\/div>\n<h3 class=\"wp-block-heading\">Bicicletas Gravel en 365Rider<\/h3>\n<figure class=\"wp-block-gallery has-nested-images columns-default is-cropped wp-block-gallery-2 is-layout-flex wp-block-gallery-is-layout-flex\">\n<figure class=\"wp-block-image size-large\"><a href=\"https:\/\/www.365rider.com\/bicicletas\/17413-bicicleta-wilier-jena-shimano-grx-1x11-bronce.html\" target=\"_blank\" rel=\" noreferrer noopener\"><img data-opt-id=758893364  decoding=\"async\" src=\"data:image\/gif;base64,R0lGODlhAQABAIAAAAAAAP\/\/\/ywAAAAAAQABAAACAUwAOw==\" fifu-lazy=\"1\" fifu-data-sizes=\"auto\" fifu-data-srcset=\"https:\/\/mlmjbqro95r8.i.optimole.com\/cb:bOxR.6a5\/w:auto\/h:auto\/q:mauto\/f:best\/https:\/\/i0.wp.com\/magazine.365rider.com\/wp-content\/uploads\/2025\/03\/bicicleta-wilier-jena-shimano-grx-1x11-bronce-3.jpg?ssl=1&w=75&resize=75&ssl=1 75w, https:\/\/mlmjbqro95r8.i.optimole.com\/cb:bOxR.6a5\/w:auto\/h:auto\/q:mauto\/f:best\/https:\/\/i0.wp.com\/magazine.365rider.com\/wp-content\/uploads\/2025\/03\/bicicleta-wilier-jena-shimano-grx-1x11-bronce-3.jpg?ssl=1&w=100&resize=100&ssl=1 100w, https:\/\/mlmjbqro95r8.i.optimole.com\/cb:bOxR.6a5\/w:auto\/h:auto\/q:mauto\/f:best\/https:\/\/i0.wp.com\/magazine.365rider.com\/wp-content\/uploads\/2025\/03\/bicicleta-wilier-jena-shimano-grx-1x11-bronce-3.jpg?ssl=1&w=150&resize=150&ssl=1 150w, https:\/\/mlmjbqro95r8.i.optimole.com\/cb:bOxR.6a5\/w:auto\/h:auto\/q:mauto\/f:best\/https:\/\/i0.wp.com\/magazine.365rider.com\/wp-content\/uploads\/2025\/03\/bicicleta-wilier-jena-shimano-grx-1x11-bronce-3.jpg?ssl=1&w=240&resize=240&ssl=1 240w, https:\/\/mlmjbqro95r8.i.optimole.com\/cb:bOxR.6a5\/w:auto\/h:auto\/q:mauto\/f:best\/https:\/\/i0.wp.com\/magazine.365rider.com\/wp-content\/uploads\/2025\/03\/bicicleta-wilier-jena-shimano-grx-1x11-bronce-3.jpg?ssl=1&w=320&resize=320&ssl=1 320w, https:\/\/mlmjbqro95r8.i.optimole.com\/cb:bOxR.6a5\/w:auto\/h:auto\/q:mauto\/f:best\/https:\/\/i0.wp.com\/magazine.365rider.com\/wp-content\/uploads\/2025\/03\/bicicleta-wilier-jena-shimano-grx-1x11-bronce-3.jpg?ssl=1&w=500&resize=500&ssl=1 500w, https:\/\/mlmjbqro95r8.i.optimole.com\/cb:bOxR.6a5\/w:auto\/h:auto\/q:mauto\/f:best\/https:\/\/i0.wp.com\/magazine.365rider.com\/wp-content\/uploads\/2025\/03\/bicicleta-wilier-jena-shimano-grx-1x11-bronce-3.jpg?ssl=1&w=640&resize=640&ssl=1 640w, https:\/\/mlmjbqro95r8.i.optimole.com\/cb:bOxR.6a5\/w:auto\/h:auto\/q:mauto\/f:best\/https:\/\/i0.wp.com\/magazine.365rider.com\/wp-content\/uploads\/2025\/03\/bicicleta-wilier-jena-shimano-grx-1x11-bronce-3.jpg?ssl=1&w=800&resize=800&ssl=1 800w, https:\/\/mlmjbqro95r8.i.optimole.com\/cb:bOxR.6a5\/w:auto\/h:auto\/q:mauto\/f:best\/https:\/\/i0.wp.com\/magazine.365rider.com\/wp-content\/uploads\/2025\/03\/bicicleta-wilier-jena-shimano-grx-1x11-bronce-3.jpg?ssl=1&w=1024&resize=1024&ssl=1 1024w, https:\/\/mlmjbqro95r8.i.optimole.com\/cb:bOxR.6a5\/w:auto\/h:auto\/q:mauto\/f:best\/https:\/\/i0.wp.com\/magazine.365rider.com\/wp-content\/uploads\/2025\/03\/bicicleta-wilier-jena-shimano-grx-1x11-bronce-3.jpg?ssl=1&w=1280&resize=1280&ssl=1 1280w, https:\/\/mlmjbqro95r8.i.optimole.com\/cb:bOxR.6a5\/w:auto\/h:auto\/q:mauto\/f:best\/https:\/\/i0.wp.com\/magazine.365rider.com\/wp-content\/uploads\/2025\/03\/bicicleta-wilier-jena-shimano-grx-1x11-bronce-3.jpg?ssl=1&w=1600&resize=1600&ssl=1 1600w\" loading=\"lazy\" width=\"1000\" height=\"667\" data-id=\"7318\" fifu-data-src=\"https:\/\/mlmjbqro95r8.i.optimole.com\/cb:bOxR.6a5\/w:auto\/h:auto\/q:mauto\/f:best\/https:\/\/i0.wp.com\/magazine.365rider.com\/wp-content\/uploads\/2025\/03\/bicicleta-wilier-jena-shimano-grx-1x11-bronce-3.jpg?ssl=1\" alt=\"\" class=\"wp-image-7318\" \/><\/a><\/figure>\n<figure class=\"wp-block-image size-large\"><a href=\"https:\/\/www.365rider.com\/ciclismo\/18769-bicicleta-wilier-rave-sl-sram-rival-xplr-axs-1x12.html\" target=\"_blank\" rel=\" noreferrer noopener\"><img data-opt-id=758893364  decoding=\"async\" src=\"data:image\/gif;base64,R0lGODlhAQABAIAAAAAAAP\/\/\/ywAAAAAAQABAAACAUwAOw==\" fifu-lazy=\"1\" fifu-data-sizes=\"auto\" fifu-data-srcset=\"https:\/\/mlmjbqro95r8.i.optimole.com\/cb:bOxR.6a5\/w:auto\/h:auto\/q:mauto\/f:best\/https:\/\/i1.wp.com\/magazine.365rider.com\/wp-content\/uploads\/2025\/03\/bicicleta-wilier-rave-sl-sram-rival-xplr-axs-1x12-3.jpg?ssl=1&w=75&resize=75&ssl=1 75w, https:\/\/mlmjbqro95r8.i.optimole.com\/cb:bOxR.6a5\/w:auto\/h:auto\/q:mauto\/f:best\/https:\/\/i1.wp.com\/magazine.365rider.com\/wp-content\/uploads\/2025\/03\/bicicleta-wilier-rave-sl-sram-rival-xplr-axs-1x12-3.jpg?ssl=1&w=100&resize=100&ssl=1 100w, https:\/\/mlmjbqro95r8.i.optimole.com\/cb:bOxR.6a5\/w:auto\/h:auto\/q:mauto\/f:best\/https:\/\/i1.wp.com\/magazine.365rider.com\/wp-content\/uploads\/2025\/03\/bicicleta-wilier-rave-sl-sram-rival-xplr-axs-1x12-3.jpg?ssl=1&w=150&resize=150&ssl=1 150w, https:\/\/mlmjbqro95r8.i.optimole.com\/cb:bOxR.6a5\/w:auto\/h:auto\/q:mauto\/f:best\/https:\/\/i1.wp.com\/magazine.365rider.com\/wp-content\/uploads\/2025\/03\/bicicleta-wilier-rave-sl-sram-rival-xplr-axs-1x12-3.jpg?ssl=1&w=240&resize=240&ssl=1 240w, https:\/\/mlmjbqro95r8.i.optimole.com\/cb:bOxR.6a5\/w:auto\/h:auto\/q:mauto\/f:best\/https:\/\/i1.wp.com\/magazine.365rider.com\/wp-content\/uploads\/2025\/03\/bicicleta-wilier-rave-sl-sram-rival-xplr-axs-1x12-3.jpg?ssl=1&w=320&resize=320&ssl=1 320w, https:\/\/mlmjbqro95r8.i.optimole.com\/cb:bOxR.6a5\/w:auto\/h:auto\/q:mauto\/f:best\/https:\/\/i1.wp.com\/magazine.365rider.com\/wp-content\/uploads\/2025\/03\/bicicleta-wilier-rave-sl-sram-rival-xplr-axs-1x12-3.jpg?ssl=1&w=500&resize=500&ssl=1 500w, https:\/\/mlmjbqro95r8.i.optimole.com\/cb:bOxR.6a5\/w:auto\/h:auto\/q:mauto\/f:best\/https:\/\/i1.wp.com\/magazine.365rider.com\/wp-content\/uploads\/2025\/03\/bicicleta-wilier-rave-sl-sram-rival-xplr-axs-1x12-3.jpg?ssl=1&w=640&resize=640&ssl=1 640w, https:\/\/mlmjbqro95r8.i.optimole.com\/cb:bOxR.6a5\/w:auto\/h:auto\/q:mauto\/f:best\/https:\/\/i1.wp.com\/magazine.365rider.com\/wp-content\/uploads\/2025\/03\/bicicleta-wilier-rave-sl-sram-rival-xplr-axs-1x12-3.jpg?ssl=1&w=800&resize=800&ssl=1 800w, https:\/\/mlmjbqro95r8.i.optimole.com\/cb:bOxR.6a5\/w:auto\/h:auto\/q:mauto\/f:best\/https:\/\/i1.wp.com\/magazine.365rider.com\/wp-content\/uploads\/2025\/03\/bicicleta-wilier-rave-sl-sram-rival-xplr-axs-1x12-3.jpg?ssl=1&w=1024&resize=1024&ssl=1 1024w, https:\/\/mlmjbqro95r8.i.optimole.com\/cb:bOxR.6a5\/w:auto\/h:auto\/q:mauto\/f:best\/https:\/\/i1.wp.com\/magazine.365rider.com\/wp-content\/uploads\/2025\/03\/bicicleta-wilier-rave-sl-sram-rival-xplr-axs-1x12-3.jpg?ssl=1&w=1280&resize=1280&ssl=1 1280w, https:\/\/mlmjbqro95r8.i.optimole.com\/cb:bOxR.6a5\/w:auto\/h:auto\/q:mauto\/f:best\/https:\/\/i1.wp.com\/magazine.365rider.com\/wp-content\/uploads\/2025\/03\/bicicleta-wilier-rave-sl-sram-rival-xplr-axs-1x12-3.jpg?ssl=1&w=1600&resize=1600&ssl=1 1600w\" loading=\"lazy\" width=\"967\" height=\"645\" data-id=\"7319\" fifu-data-src=\"https:\/\/mlmjbqro95r8.i.optimole.com\/cb:bOxR.6a5\/w:auto\/h:auto\/q:mauto\/f:best\/https:\/\/i1.wp.com\/magazine.365rider.com\/wp-content\/uploads\/2025\/03\/bicicleta-wilier-rave-sl-sram-rival-xplr-axs-1x12-3.jpg?ssl=1\" alt=\"\" class=\"wp-image-7319\" \/><\/a><\/figure>\n<\/figure>\n<p><mark class=\"has-inline-color\"><a href=\"https:\/\/www.365rider.com\/524-gravel\" target=\"_blank\" rel=\"noopener\" title=\"\">Click en la imagen para explorar<\/a><\/mark><\/p>\n<div aria-hidden=\"true\" class=\"wp-block-spacer\"><\/div>\n<h2 class=\"wp-block-heading\">Consejos para empezar en gravel<\/h2>\n<ul class=\"wp-block-list\">\n<li><strong>Empieza con rutas mixtas:<\/strong> combina tramos de carretera con pistas sencillas para ganar confianza.<\/li>\n<li><strong>Ajusta la presi\u00f3n de los neum\u00e1ticos:<\/strong> un poco m\u00e1s baja que en carretera para mayor agarre.<\/li>\n<li><strong>Lleva herramientas b\u00e1sicas y repuestos:<\/strong> estar preparado es clave en rutas largas.<\/li>\n<li><strong>Explora sin prisa:<\/strong> el gravel es aventura, no velocidad. Disfruta del paisaje.<\/li>\n<\/ul>\n<h2 class=\"wp-block-heading\"><strong>Conclusi\u00f3n: \u00bfes el gravel para ti?<\/strong><\/h2>\n<p>Si disfrutas tanto del asfalto como de los caminos sin asfaltar, si buscas una bici c\u00f3moda que te permita descubrir nuevas rutas sin preocuparte del terreno, entonces s\u00ed: <strong>el gravel es para ti<\/strong>.<\/p>\n<div aria-hidden=\"true\" class=\"wp-block-spacer\"><\/div>\n<p>No necesitas ser un experto ni tener varias bicicletas. Con una sola bici de gravel puedes entrenar, viajar, hacer bikepacking o simplemente explorar. Es la elecci\u00f3n ideal para quienes buscan versatilidad, libertad y una experiencia ciclista m\u00e1s aut\u00e9ntica.<\/p>\n<div aria-hidden=\"true\" class=\"wp-block-spacer\"><\/div>\n<p>En <a href=\"https:\/\/365rider.com\/\" target=\"_blank\" rel=\"noopener\" title=\"\"><mark class=\"has-inline-color\">365rider.com<\/mark><\/a> encontrar\u00e1s bicicletas de gravel, componentes, ropa, zapatillas y accesorios seleccionados para esta disciplina.<\/p>\n<div aria-hidden=\"true\" class=\"wp-block-spacer\"><\/div>\n<p>Adem\u00e1s, en nuestro blog <strong><a href=\"https:\/\/magazine.365rider.com\/\" target=\"_blank\" rel=\"noopener\" title=\"\"><mark class=\"has-inline-color\">365Rider Magazine<\/mark><\/a><\/strong> descubrir\u00e1s an\u00e1lisis, comparativas y gu\u00edas como esta para vivir el ciclismo al m\u00e1ximo.<\/p>\n\n<p><!-- The post  <a href=\"https:\/\/magazine.365rider.com\/que-es-el-gravel-la-bicicleta-ideal-para-montana-asfalto-y-aventura\/\">\u00bfQu\u00e9 es el gravel? La bicicleta ideal para monta\u00f1a, asfalto y aventura<\/a> first appeared on <a href=\"https:\/\/magazine.365rider.com\/\">Magazine 365rider<\/a>.<\/p>","protected":false},"excerpt":{"rendered":"<p>Una bici para todos los caminos El gravel es mucho m\u00e1s que una tendencia: es una&#8230;<\/p>\n","protected":false},"author":1,"featured_media":0,"comment_status":"","ping_status":"","sticky":false,"template":"","format":"standard","meta":{"fifu_image_url":"","fifu_image_alt":"","footnotes":""},"categories":[1],"tags":[],"class_list":["post-40552","post","type-post","status-publish","format-standard","hentry","category-news","wpcat-1-id"],"_links":{"self":[{"href":"https:\/\/new7.shop\/zerocostfreehost\/index.php\/wp-json\/wp\/v2\/posts\/40552","targetHints":{"allow":["GET"]}}],"collection":[{"href":"https:\/\/new7.shop\/zerocostfreehost\/index.php\/wp-json\/wp\/v2\/posts"}],"about":[{"href":"https:\/\/new7.shop\/zerocostfreehost\/index.php\/wp-json\/wp\/v2\/types\/post"}],"author":[{"embeddable":true,"href":"https:\/\/new7.shop\/zerocostfreehost\/index.php\/wp-json\/wp\/v2\/users\/1"}],"replies":[{"embeddable":true,"href":"https:\/\/new7.shop\/zerocostfreehost\/index.php\/wp-json\/wp\/v2\/comments?post=40552"}],"version-history":[{"count":0,"href":"https:\/\/new7.shop\/zerocostfreehost\/index.php\/wp-json\/wp\/v2\/posts\/40552\/revisions"}],"wp:attachment":[{"href":"https:\/\/new7.shop\/zerocostfreehost\/index.php\/wp-json\/wp\/v2\/media?parent=40552"}],"wp:term":[{"taxonomy":"category","embeddable":true,"href":"https:\/\/new7.shop\/zerocostfreehost\/index.php\/wp-json\/wp\/v2\/categories?post=40552"},{"taxonomy":"post_tag","embeddable":true,"href":"https:\/\/new7.shop\/zerocostfreehost\/index.php\/wp-json\/wp\/v2\/tags?post=40552"}],"curies":[{"name":"wp","href":"https:\/\/api.w.org\/{rel}","templated":true}]}}