{"id":40490,"date":"2025-03-17T09:35:46","date_gmt":"2025-03-17T12:35:46","guid":{"rendered":"https:\/\/new7.shop\/zerocostfreehost\/index.php\/2025\/03\/17\/wilier-filante-garda-jena-y-granturismo-sl-cual-elegir\/"},"modified":"2025-03-17T09:35:46","modified_gmt":"2025-03-17T12:35:46","slug":"wilier-filante-garda-jena-y-granturismo-sl-cual-elegir","status":"publish","type":"post","link":"https:\/\/new7.shop\/zerocostfreehost\/index.php\/2025\/03\/17\/wilier-filante-garda-jena-y-granturismo-sl-cual-elegir\/","title":{"rendered":"Wilier Filante, Garda, Jena y GranTurismo SL: \u00bfcu\u00e1l elegir?"},"content":{"rendered":"<p>Wilier es sin\u00f3nimo de innovaci\u00f3n y rendimiento en el mundo del ciclismo. Su gama incluye bicicletas dise\u00f1adas para cada tipo de ciclista, desde los amantes de la velocidad hasta los aventureros del gravel. En esta comparativa, analizaremos cuatro modelos clave: Wilier Filante SL, Wilier Garda, Wilier Jena y Wilier GranTurismo SL, evaluando sus caracter\u00edsticas, diferencias y cu\u00e1l se adapta mejor a cada necesidad.<\/p>\n<div aria-hidden=\"true\" class=\"wp-block-spacer\"><\/div>\n<h3 class=\"wp-block-heading\"><strong>Wilier Filante SL \u2013 Aerodin\u00e1mica y rendimiento para los m\u00e1s exigentes<\/strong><\/h3>\n<div class=\"wp-block-image\">\n<figure class=\"aligncenter size-full is-resized\"><img data-opt-id=758893364  fetchpriority=\"high\" decoding=\"async\" src=\"data:image\/gif;base64,R0lGODlhAQABAIAAAAAAAP\/\/\/ywAAAAAAQABAAACAUwAOw==\" fifu-lazy=\"1\" fifu-data-sizes=\"auto\" fifu-data-srcset=\"https:\/\/i3.wp.com\/magazine.365rider.com\/wp-content\/uploads\/2025\/03\/bicicleta-wilier-filante-sl-shimano-ultegra-di2-r8170-2x12v-blanco-rojo.jpg?ssl=1&w=75&resize=75&ssl=1 75w, https:\/\/i3.wp.com\/magazine.365rider.com\/wp-content\/uploads\/2025\/03\/bicicleta-wilier-filante-sl-shimano-ultegra-di2-r8170-2x12v-blanco-rojo.jpg?ssl=1&w=100&resize=100&ssl=1 100w, https:\/\/i3.wp.com\/magazine.365rider.com\/wp-content\/uploads\/2025\/03\/bicicleta-wilier-filante-sl-shimano-ultegra-di2-r8170-2x12v-blanco-rojo.jpg?ssl=1&w=150&resize=150&ssl=1 150w, https:\/\/i3.wp.com\/magazine.365rider.com\/wp-content\/uploads\/2025\/03\/bicicleta-wilier-filante-sl-shimano-ultegra-di2-r8170-2x12v-blanco-rojo.jpg?ssl=1&w=240&resize=240&ssl=1 240w, https:\/\/i3.wp.com\/magazine.365rider.com\/wp-content\/uploads\/2025\/03\/bicicleta-wilier-filante-sl-shimano-ultegra-di2-r8170-2x12v-blanco-rojo.jpg?ssl=1&w=320&resize=320&ssl=1 320w, https:\/\/i3.wp.com\/magazine.365rider.com\/wp-content\/uploads\/2025\/03\/bicicleta-wilier-filante-sl-shimano-ultegra-di2-r8170-2x12v-blanco-rojo.jpg?ssl=1&w=500&resize=500&ssl=1 500w, https:\/\/i3.wp.com\/magazine.365rider.com\/wp-content\/uploads\/2025\/03\/bicicleta-wilier-filante-sl-shimano-ultegra-di2-r8170-2x12v-blanco-rojo.jpg?ssl=1&w=640&resize=640&ssl=1 640w, https:\/\/i3.wp.com\/magazine.365rider.com\/wp-content\/uploads\/2025\/03\/bicicleta-wilier-filante-sl-shimano-ultegra-di2-r8170-2x12v-blanco-rojo.jpg?ssl=1&w=800&resize=800&ssl=1 800w, https:\/\/i3.wp.com\/magazine.365rider.com\/wp-content\/uploads\/2025\/03\/bicicleta-wilier-filante-sl-shimano-ultegra-di2-r8170-2x12v-blanco-rojo.jpg?ssl=1&w=1024&resize=1024&ssl=1 1024w, https:\/\/i3.wp.com\/magazine.365rider.com\/wp-content\/uploads\/2025\/03\/bicicleta-wilier-filante-sl-shimano-ultegra-di2-r8170-2x12v-blanco-rojo.jpg?ssl=1&w=1280&resize=1280&ssl=1 1280w, https:\/\/i3.wp.com\/magazine.365rider.com\/wp-content\/uploads\/2025\/03\/bicicleta-wilier-filante-sl-shimano-ultegra-di2-r8170-2x12v-blanco-rojo.jpg?ssl=1&w=1600&resize=1600&ssl=1 1600w\" width=\"945\" height=\"630\" fifu-data-src=\"https:\/\/i3.wp.com\/magazine.365rider.com\/wp-content\/uploads\/2025\/03\/bicicleta-wilier-filante-sl-shimano-ultegra-di2-r8170-2x12v-blanco-rojo.jpg?ssl=1\" alt=\"\" class=\"wp-image-7250\" \/><\/figure>\n<\/div>\n<p>La <strong>Wilier Filante SL<\/strong> es una bicicleta de carretera dise\u00f1ada para quienes buscan <strong>m\u00e1xima velocidad y eficiencia aerodin\u00e1mica<\/strong>. Inspirada en la <strong>Filante SLR<\/strong>, utilizada en el <strong>World Tour<\/strong>, mantiene una geometr\u00eda agresiva y un dise\u00f1o optimizado para cortar el viento, pero con una construcci\u00f3n ligeramente m\u00e1s equilibrada para entrenamientos y competiciones de alto nivel.<\/p>\n<div aria-hidden=\"true\" class=\"wp-block-spacer\"><\/div>\n<p><mark class=\"has-inline-color\"><a href=\"https:\/\/www.365rider.com\/inicio\/17794-bicicleta-wilier-filante-sl-shimano-ultegra-di2-r8170-2x12v-blanco-rojo.html\" target=\"_blank\" rel=\"noopener\" title=\"Ver en <a href=\"https:\/\/magazine.365rider.com\/?utm_source=aw&utm_term=690303&utm_medium=Delmar+Haas+55987010063&utm_campaign=A+rede+de+conte\u00fado+das+Assessorias+de+Imprensa+bra&clickref=&clickref2=unknown&awc=26763_1741265167_7511d9b8111321903ea94b9c437b9610\">365Rider.com<\/a>\">Ver en <a href=\"https:\/\/magazine.365rider.com\/?utm_source=aw&utm_term=690303&utm_medium=Delmar+Haas+55987010063&utm_campaign=A+rede+de+conte\u00fado+das+Assessorias+de+Imprensa+bra&clickref=&clickref2=unknown&awc=26763_1741265167_7511d9b8111321903ea94b9c437b9610\">365Rider.com<\/a><\/a><\/mark><\/p>\n<ul class=\"wp-block-list\">\n<li><strong>Cuadro de carbono monocasco NHU MOD<\/strong>, con una laminaci\u00f3n optimizada que aporta rigidez y una mayor comodidad en largas distancias.<\/li>\n<li><strong>Manillar integrado Z Bar en carbono<\/strong>, que oculta completamente los cables para mejorar la aerodin\u00e1mica y la est\u00e9tica.<\/li>\n<li><strong>Grupo Shimano Ultegra Di2 R8170 (2x12V)<\/strong>, ofreciendo cambios electr\u00f3nicos precisos y suaves en cualquier situaci\u00f3n.<\/li>\n<li><strong>Frenos de disco hidr\u00e1ulicos Shimano Ultegra<\/strong>, asegurando una frenada potente y controlada en todas las condiciones.<\/li>\n<li><strong>Ruedas Vittoria Rubino IV Graphene 2.0 (700x28c) Tubeless Ready<\/strong>, con un equilibrio ideal entre agarre, durabilidad y eficiencia.<\/li>\n<li><strong>Peso optimizado:<\/strong> Cuadro de 1010 g (+\/- 2%) y horquilla de 370 g (+\/- 5%).<\/li>\n<\/ul>\n<p><strong>Uso ideal:<\/strong> Competici\u00f3n y entrenamientos de alto rendimiento en carretera.<\/p>\n<div aria-hidden=\"true\" class=\"wp-block-spacer\"><\/div>\n<h3 class=\"wp-block-heading\"><strong>Wilier Garda \u2013 Comodidad y modernidad en carretera<\/strong><\/h3>\n<div class=\"wp-block-image\">\n<figure class=\"aligncenter size-full is-resized\"><img data-opt-id=758893364  fetchpriority=\"high\" decoding=\"async\" src=\"data:image\/gif;base64,R0lGODlhAQABAIAAAAAAAP\/\/\/ywAAAAAAQABAAACAUwAOw==\" fifu-lazy=\"1\" fifu-data-sizes=\"auto\" fifu-data-srcset=\"https:\/\/mlmjbqro95r8.i.optimole.com\/cb:bOxR.6a5\/w:auto\/h:auto\/q:mauto\/f:best\/https:\/\/i1.wp.com\/magazine.365rider.com\/wp-content\/uploads\/2025\/03\/bicicleta-wilier-garda-10512s-miche-reflex-dx-m-blanco-negro-.jpg?ssl=1&w=75&resize=75&ssl=1 75w, https:\/\/mlmjbqro95r8.i.optimole.com\/cb:bOxR.6a5\/w:auto\/h:auto\/q:mauto\/f:best\/https:\/\/i1.wp.com\/magazine.365rider.com\/wp-content\/uploads\/2025\/03\/bicicleta-wilier-garda-10512s-miche-reflex-dx-m-blanco-negro-.jpg?ssl=1&w=100&resize=100&ssl=1 100w, https:\/\/mlmjbqro95r8.i.optimole.com\/cb:bOxR.6a5\/w:auto\/h:auto\/q:mauto\/f:best\/https:\/\/i1.wp.com\/magazine.365rider.com\/wp-content\/uploads\/2025\/03\/bicicleta-wilier-garda-10512s-miche-reflex-dx-m-blanco-negro-.jpg?ssl=1&w=150&resize=150&ssl=1 150w, https:\/\/mlmjbqro95r8.i.optimole.com\/cb:bOxR.6a5\/w:auto\/h:auto\/q:mauto\/f:best\/https:\/\/i1.wp.com\/magazine.365rider.com\/wp-content\/uploads\/2025\/03\/bicicleta-wilier-garda-10512s-miche-reflex-dx-m-blanco-negro-.jpg?ssl=1&w=240&resize=240&ssl=1 240w, https:\/\/mlmjbqro95r8.i.optimole.com\/cb:bOxR.6a5\/w:auto\/h:auto\/q:mauto\/f:best\/https:\/\/i1.wp.com\/magazine.365rider.com\/wp-content\/uploads\/2025\/03\/bicicleta-wilier-garda-10512s-miche-reflex-dx-m-blanco-negro-.jpg?ssl=1&w=320&resize=320&ssl=1 320w, https:\/\/mlmjbqro95r8.i.optimole.com\/cb:bOxR.6a5\/w:auto\/h:auto\/q:mauto\/f:best\/https:\/\/i1.wp.com\/magazine.365rider.com\/wp-content\/uploads\/2025\/03\/bicicleta-wilier-garda-10512s-miche-reflex-dx-m-blanco-negro-.jpg?ssl=1&w=500&resize=500&ssl=1 500w, https:\/\/mlmjbqro95r8.i.optimole.com\/cb:bOxR.6a5\/w:auto\/h:auto\/q:mauto\/f:best\/https:\/\/i1.wp.com\/magazine.365rider.com\/wp-content\/uploads\/2025\/03\/bicicleta-wilier-garda-10512s-miche-reflex-dx-m-blanco-negro-.jpg?ssl=1&w=640&resize=640&ssl=1 640w, https:\/\/mlmjbqro95r8.i.optimole.com\/cb:bOxR.6a5\/w:auto\/h:auto\/q:mauto\/f:best\/https:\/\/i1.wp.com\/magazine.365rider.com\/wp-content\/uploads\/2025\/03\/bicicleta-wilier-garda-10512s-miche-reflex-dx-m-blanco-negro-.jpg?ssl=1&w=800&resize=800&ssl=1 800w, https:\/\/mlmjbqro95r8.i.optimole.com\/cb:bOxR.6a5\/w:auto\/h:auto\/q:mauto\/f:best\/https:\/\/i1.wp.com\/magazine.365rider.com\/wp-content\/uploads\/2025\/03\/bicicleta-wilier-garda-10512s-miche-reflex-dx-m-blanco-negro-.jpg?ssl=1&w=1024&resize=1024&ssl=1 1024w, https:\/\/mlmjbqro95r8.i.optimole.com\/cb:bOxR.6a5\/w:auto\/h:auto\/q:mauto\/f:best\/https:\/\/i1.wp.com\/magazine.365rider.com\/wp-content\/uploads\/2025\/03\/bicicleta-wilier-garda-10512s-miche-reflex-dx-m-blanco-negro-.jpg?ssl=1&w=1280&resize=1280&ssl=1 1280w, https:\/\/mlmjbqro95r8.i.optimole.com\/cb:bOxR.6a5\/w:auto\/h:auto\/q:mauto\/f:best\/https:\/\/i1.wp.com\/magazine.365rider.com\/wp-content\/uploads\/2025\/03\/bicicleta-wilier-garda-10512s-miche-reflex-dx-m-blanco-negro-.jpg?ssl=1&w=1600&resize=1600&ssl=1 1600w\" width=\"970\" height=\"647\" fifu-data-src=\"https:\/\/mlmjbqro95r8.i.optimole.com\/cb:bOxR.6a5\/w:auto\/h:auto\/q:mauto\/f:best\/https:\/\/i1.wp.com\/magazine.365rider.com\/wp-content\/uploads\/2025\/03\/bicicleta-wilier-garda-10512s-miche-reflex-dx-m-blanco-negro-.jpg?ssl=1\" alt=\"\" class=\"wp-image-7251\" \/><\/figure>\n<\/div>\n<p>La <strong>Wilier Garda<\/strong> es la opci\u00f3n perfecta para ciclistas que buscan una bicicleta de carretera <strong>moderna, vers\u00e1til y sin complicaciones<\/strong>. Su dise\u00f1o renovado, con cables completamente integrados y espacio para neum\u00e1ticos de hasta <strong>32 mm<\/strong>, la convierte en una opci\u00f3n c\u00f3moda y estable para largas distancias, sin renunciar al rendimiento.<\/p>\n<div aria-hidden=\"true\" class=\"wp-block-spacer\"><\/div>\n<p><mark class=\"has-inline-color\"><a href=\"https:\/\/www.365rider.com\/inicio\/17539-bicicleta-wilier-garda-10512s-miche-reflex-dx-m-blanco-negro-.html\" target=\"_blank\" rel=\"noopener\" title=\"Ver en <a href=\"https:\/\/magazine.365rider.com\/?utm_source=aw&utm_term=690303&utm_medium=Delmar+Haas+55987010063&utm_campaign=A+rede+de+conte\u00fado+das+Assessorias+de+Imprensa+bra&clickref=&clickref2=unknown&awc=26763_1741265167_7511d9b8111321903ea94b9c437b9610\">365Rider.com<\/a>\">Ver en <a href=\"https:\/\/magazine.365rider.com\/?utm_source=aw&utm_term=690303&utm_medium=Delmar+Haas+55987010063&utm_campaign=A+rede+de+conte\u00fado+das+Assessorias+de+Imprensa+bra&clickref=&clickref2=unknown&awc=26763_1741265167_7511d9b8111321903ea94b9c437b9610\">365Rider.com<\/a><\/a><\/mark><\/p>\n<ul class=\"wp-block-list\">\n<li><strong>Cuadro de carbono monocasco NH-Mod<\/strong>, que equilibra ligereza y resistencia para una conducci\u00f3n eficiente.<\/li>\n<li><strong>Integraci\u00f3n total de cables<\/strong> a trav\u00e9s del manillar <strong>Stemma S<\/strong>, ofreciendo una est\u00e9tica limpia y aerodin\u00e1mica.<\/li>\n<li><strong>Grupo Shimano 105 (12V)<\/strong>, con cambios precisos y suaves para todo tipo de recorridos.<\/li>\n<li><strong>Frenos de disco hidr\u00e1ulicos Shimano 105<\/strong>, asegurando un control de frenado superior en cualquier condici\u00f3n.<\/li>\n<li><strong>Ruedas Vittoria Zaffiro 700x28c<\/strong>, compatibles con neum\u00e1ticos de hasta <strong>32 mm<\/strong> para mayor estabilidad y confort.<\/li>\n<li><strong>Componentes premium:<\/strong> Manillar de aleaci\u00f3n <strong>RITCHEY<\/strong>, sill\u00edn <strong>Prologo Kappa RS<\/strong> y eje pasante <strong>Miche ligero<\/strong>.<\/li>\n<\/ul>\n<p><strong>Uso ideal:<\/strong> Ciclismo recreativo y rutas de media y larga distancia con un extra de comodidad.<\/p>\n<div aria-hidden=\"true\" class=\"wp-block-spacer\"><\/div>\n<h3 class=\"wp-block-heading\"><strong>Wilier Jena \u2013 Versatilidad y rendimiento en gravel<\/strong><\/h3>\n<div class=\"wp-block-image\">\n<figure class=\"aligncenter size-full is-resized\"><img data-opt-id=758893364  decoding=\"async\" src=\"data:image\/gif;base64,R0lGODlhAQABAIAAAAAAAP\/\/\/ywAAAAAAQABAAACAUwAOw==\" fifu-lazy=\"1\" fifu-data-sizes=\"auto\" fifu-data-srcset=\"https:\/\/mlmjbqro95r8.i.optimole.com\/cb:bOxR.6a5\/w:auto\/h:auto\/q:mauto\/f:best\/https:\/\/i1.wp.com\/magazine.365rider.com\/wp-content\/uploads\/2025\/03\/bicicleta-wilier-jena-shimano-grx-1x11-bronce.jpg?ssl=1&w=75&resize=75&ssl=1 75w, https:\/\/mlmjbqro95r8.i.optimole.com\/cb:bOxR.6a5\/w:auto\/h:auto\/q:mauto\/f:best\/https:\/\/i1.wp.com\/magazine.365rider.com\/wp-content\/uploads\/2025\/03\/bicicleta-wilier-jena-shimano-grx-1x11-bronce.jpg?ssl=1&w=100&resize=100&ssl=1 100w, https:\/\/mlmjbqro95r8.i.optimole.com\/cb:bOxR.6a5\/w:auto\/h:auto\/q:mauto\/f:best\/https:\/\/i1.wp.com\/magazine.365rider.com\/wp-content\/uploads\/2025\/03\/bicicleta-wilier-jena-shimano-grx-1x11-bronce.jpg?ssl=1&w=150&resize=150&ssl=1 150w, https:\/\/mlmjbqro95r8.i.optimole.com\/cb:bOxR.6a5\/w:auto\/h:auto\/q:mauto\/f:best\/https:\/\/i1.wp.com\/magazine.365rider.com\/wp-content\/uploads\/2025\/03\/bicicleta-wilier-jena-shimano-grx-1x11-bronce.jpg?ssl=1&w=240&resize=240&ssl=1 240w, https:\/\/mlmjbqro95r8.i.optimole.com\/cb:bOxR.6a5\/w:auto\/h:auto\/q:mauto\/f:best\/https:\/\/i1.wp.com\/magazine.365rider.com\/wp-content\/uploads\/2025\/03\/bicicleta-wilier-jena-shimano-grx-1x11-bronce.jpg?ssl=1&w=320&resize=320&ssl=1 320w, https:\/\/mlmjbqro95r8.i.optimole.com\/cb:bOxR.6a5\/w:auto\/h:auto\/q:mauto\/f:best\/https:\/\/i1.wp.com\/magazine.365rider.com\/wp-content\/uploads\/2025\/03\/bicicleta-wilier-jena-shimano-grx-1x11-bronce.jpg?ssl=1&w=500&resize=500&ssl=1 500w, https:\/\/mlmjbqro95r8.i.optimole.com\/cb:bOxR.6a5\/w:auto\/h:auto\/q:mauto\/f:best\/https:\/\/i1.wp.com\/magazine.365rider.com\/wp-content\/uploads\/2025\/03\/bicicleta-wilier-jena-shimano-grx-1x11-bronce.jpg?ssl=1&w=640&resize=640&ssl=1 640w, https:\/\/mlmjbqro95r8.i.optimole.com\/cb:bOxR.6a5\/w:auto\/h:auto\/q:mauto\/f:best\/https:\/\/i1.wp.com\/magazine.365rider.com\/wp-content\/uploads\/2025\/03\/bicicleta-wilier-jena-shimano-grx-1x11-bronce.jpg?ssl=1&w=800&resize=800&ssl=1 800w, https:\/\/mlmjbqro95r8.i.optimole.com\/cb:bOxR.6a5\/w:auto\/h:auto\/q:mauto\/f:best\/https:\/\/i1.wp.com\/magazine.365rider.com\/wp-content\/uploads\/2025\/03\/bicicleta-wilier-jena-shimano-grx-1x11-bronce.jpg?ssl=1&w=1024&resize=1024&ssl=1 1024w, https:\/\/mlmjbqro95r8.i.optimole.com\/cb:bOxR.6a5\/w:auto\/h:auto\/q:mauto\/f:best\/https:\/\/i1.wp.com\/magazine.365rider.com\/wp-content\/uploads\/2025\/03\/bicicleta-wilier-jena-shimano-grx-1x11-bronce.jpg?ssl=1&w=1280&resize=1280&ssl=1 1280w, https:\/\/mlmjbqro95r8.i.optimole.com\/cb:bOxR.6a5\/w:auto\/h:auto\/q:mauto\/f:best\/https:\/\/i1.wp.com\/magazine.365rider.com\/wp-content\/uploads\/2025\/03\/bicicleta-wilier-jena-shimano-grx-1x11-bronce.jpg?ssl=1&w=1600&resize=1600&ssl=1 1600w\" width=\"967\" height=\"645\" fifu-data-src=\"https:\/\/mlmjbqro95r8.i.optimole.com\/cb:bOxR.6a5\/w:auto\/h:auto\/q:mauto\/f:best\/https:\/\/i1.wp.com\/magazine.365rider.com\/wp-content\/uploads\/2025\/03\/bicicleta-wilier-jena-shimano-grx-1x11-bronce.jpg?ssl=1\" alt=\"\" class=\"wp-image-7253\" \/><\/figure>\n<\/div>\n<p>La <strong>Wilier Jena<\/strong> es una bicicleta de <strong>gravel<\/strong> dise\u00f1ada para quienes buscan <strong>m\u00e1xima libertad y adaptabilidad<\/strong> en cualquier terreno. Ya sea para <strong>aventuras en caminos de tierra, bikepacking o rutas largas<\/strong>, su cuadro de carbono ligero y su geometr\u00eda equilibrada garantizan comodidad y rendimiento sin compromisos.<\/p>\n<div aria-hidden=\"true\" class=\"wp-block-spacer\"><\/div>\n<p><mark class=\"has-inline-color\"><a href=\"https:\/\/www.365rider.com\/bicicletas\/17413-bicicleta-wilier-jena-shimano-grx-1x11-bronce.html\" target=\"_blank\" rel=\"noopener\" title=\"Ver en <a href=\"https:\/\/magazine.365rider.com\/?utm_source=aw&utm_term=690303&utm_medium=Delmar+Haas+55987010063&utm_campaign=A+rede+de+conte\u00fado+das+Assessorias+de+Imprensa+bra&clickref=&clickref2=unknown&awc=26763_1741265167_7511d9b8111321903ea94b9c437b9610\">365Rider.com<\/a>\">Ver en <a href=\"https:\/\/magazine.365rider.com\/?utm_source=aw&utm_term=690303&utm_medium=Delmar+Haas+55987010063&utm_campaign=A+rede+de+conte\u00fado+das+Assessorias+de+Imprensa+bra&clickref=&clickref2=unknown&awc=26763_1741265167_7511d9b8111321903ea94b9c437b9610\">365Rider.com<\/a><\/a><\/mark><\/p>\n<ul class=\"wp-block-list\">\n<li><strong>Cuadro de carbono monocasco 60TON<\/strong>, con geometr\u00eda <em>Racing Comfort<\/em> para absorber vibraciones y mejorar la estabilidad.<\/li>\n<li><strong>Compatibilidad con ruedas 28\u2033 y 650B<\/strong>, ofreciendo opciones para distintos terrenos y estilos de conducci\u00f3n.<\/li>\n<li><strong>Grupo Shimano GRX 1\u00d711<\/strong>, transmisi\u00f3n monoplato optimizada para gravel, con una amplia relaci\u00f3n de marchas (40T \u2013 11\/42).<\/li>\n<li><strong>Frenos de disco hidr\u00e1ulicos Shimano GRX (160 mm)<\/strong>, proporcionando control total en descensos y superficies irregulares.<\/li>\n<li><strong>Ruedas Miche Contact Tubeless Ready<\/strong>, montadas con neum\u00e1ticos <strong>Vittoria Terreno Dry 700x47c<\/strong> para m\u00e1xima tracci\u00f3n y durabilidad.<\/li>\n<li><strong>Soportes adicionales para bikepacking<\/strong>, permitiendo la instalaci\u00f3n de portabidones, bolsas y portaequipajes.<\/li>\n<li><strong>Peso optimizado:<\/strong> 995 g (+\/- 5%) para el cuadro y 450 g (+\/- 5%) para la horquilla.<\/li>\n<\/ul>\n<p><strong>Uso ideal:<\/strong> Exploraciones off-road, rutas de gravel y aventuras de larga distancia con total libertad.<\/p>\n<div aria-hidden=\"true\" class=\"wp-block-spacer\"><\/div>\n<h3 class=\"wp-block-heading\"><strong>Wilier GranTurismo SL \u2013 Comodidad y rendimiento para largas distancias<\/strong><\/h3>\n<div class=\"wp-block-image\">\n<figure class=\"aligncenter size-full is-resized\"><img data-opt-id=758893364  decoding=\"async\" src=\"data:image\/gif;base64,R0lGODlhAQABAIAAAAAAAP\/\/\/ywAAAAAAQABAAACAUwAOw==\" fifu-lazy=\"1\" fifu-data-sizes=\"auto\" fifu-data-srcset=\"https:\/\/mlmjbqro95r8.i.optimole.com\/cb:bOxR.6a5\/w:auto\/h:auto\/q:mauto\/f:best\/https:\/\/i1.wp.com\/magazine.365rider.com\/wp-content\/uploads\/2025\/03\/bicicleta-wilier-granturismo-sl-shimano-105-di2-r7170-2x12s-negro.jpg?ssl=1&w=75&resize=75&ssl=1 75w, https:\/\/mlmjbqro95r8.i.optimole.com\/cb:bOxR.6a5\/w:auto\/h:auto\/q:mauto\/f:best\/https:\/\/i1.wp.com\/magazine.365rider.com\/wp-content\/uploads\/2025\/03\/bicicleta-wilier-granturismo-sl-shimano-105-di2-r7170-2x12s-negro.jpg?ssl=1&w=100&resize=100&ssl=1 100w, https:\/\/mlmjbqro95r8.i.optimole.com\/cb:bOxR.6a5\/w:auto\/h:auto\/q:mauto\/f:best\/https:\/\/i1.wp.com\/magazine.365rider.com\/wp-content\/uploads\/2025\/03\/bicicleta-wilier-granturismo-sl-shimano-105-di2-r7170-2x12s-negro.jpg?ssl=1&w=150&resize=150&ssl=1 150w, https:\/\/mlmjbqro95r8.i.optimole.com\/cb:bOxR.6a5\/w:auto\/h:auto\/q:mauto\/f:best\/https:\/\/i1.wp.com\/magazine.365rider.com\/wp-content\/uploads\/2025\/03\/bicicleta-wilier-granturismo-sl-shimano-105-di2-r7170-2x12s-negro.jpg?ssl=1&w=240&resize=240&ssl=1 240w, https:\/\/mlmjbqro95r8.i.optimole.com\/cb:bOxR.6a5\/w:auto\/h:auto\/q:mauto\/f:best\/https:\/\/i1.wp.com\/magazine.365rider.com\/wp-content\/uploads\/2025\/03\/bicicleta-wilier-granturismo-sl-shimano-105-di2-r7170-2x12s-negro.jpg?ssl=1&w=320&resize=320&ssl=1 320w, https:\/\/mlmjbqro95r8.i.optimole.com\/cb:bOxR.6a5\/w:auto\/h:auto\/q:mauto\/f:best\/https:\/\/i1.wp.com\/magazine.365rider.com\/wp-content\/uploads\/2025\/03\/bicicleta-wilier-granturismo-sl-shimano-105-di2-r7170-2x12s-negro.jpg?ssl=1&w=500&resize=500&ssl=1 500w, https:\/\/mlmjbqro95r8.i.optimole.com\/cb:bOxR.6a5\/w:auto\/h:auto\/q:mauto\/f:best\/https:\/\/i1.wp.com\/magazine.365rider.com\/wp-content\/uploads\/2025\/03\/bicicleta-wilier-granturismo-sl-shimano-105-di2-r7170-2x12s-negro.jpg?ssl=1&w=640&resize=640&ssl=1 640w, https:\/\/mlmjbqro95r8.i.optimole.com\/cb:bOxR.6a5\/w:auto\/h:auto\/q:mauto\/f:best\/https:\/\/i1.wp.com\/magazine.365rider.com\/wp-content\/uploads\/2025\/03\/bicicleta-wilier-granturismo-sl-shimano-105-di2-r7170-2x12s-negro.jpg?ssl=1&w=800&resize=800&ssl=1 800w, https:\/\/mlmjbqro95r8.i.optimole.com\/cb:bOxR.6a5\/w:auto\/h:auto\/q:mauto\/f:best\/https:\/\/i1.wp.com\/magazine.365rider.com\/wp-content\/uploads\/2025\/03\/bicicleta-wilier-granturismo-sl-shimano-105-di2-r7170-2x12s-negro.jpg?ssl=1&w=1024&resize=1024&ssl=1 1024w, https:\/\/mlmjbqro95r8.i.optimole.com\/cb:bOxR.6a5\/w:auto\/h:auto\/q:mauto\/f:best\/https:\/\/i1.wp.com\/magazine.365rider.com\/wp-content\/uploads\/2025\/03\/bicicleta-wilier-granturismo-sl-shimano-105-di2-r7170-2x12s-negro.jpg?ssl=1&w=1280&resize=1280&ssl=1 1280w, https:\/\/mlmjbqro95r8.i.optimole.com\/cb:bOxR.6a5\/w:auto\/h:auto\/q:mauto\/f:best\/https:\/\/i1.wp.com\/magazine.365rider.com\/wp-content\/uploads\/2025\/03\/bicicleta-wilier-granturismo-sl-shimano-105-di2-r7170-2x12s-negro.jpg?ssl=1&w=1600&resize=1600&ssl=1 1600w\" loading=\"lazy\" width=\"951\" height=\"634\" fifu-data-src=\"https:\/\/mlmjbqro95r8.i.optimole.com\/cb:bOxR.6a5\/w:auto\/h:auto\/q:mauto\/f:best\/https:\/\/i1.wp.com\/magazine.365rider.com\/wp-content\/uploads\/2025\/03\/bicicleta-wilier-granturismo-sl-shimano-105-di2-r7170-2x12s-negro.jpg?ssl=1\" alt=\"\" class=\"wp-image-7254\" \/><\/figure>\n<\/div>\n<p>La <strong>Wilier GranTurismo SL<\/strong> es una bicicleta <strong>all-road<\/strong> dise\u00f1ada para quienes buscan un equilibrio entre <strong>comodidad y rendimiento<\/strong> en rutas largas y terrenos mixtos. Inspirada en su hermana mayor, la <strong>GranTurismo SLR<\/strong>, esta versi\u00f3n <strong>SL<\/strong> incorpora tecnolog\u00eda avanzada con una geometr\u00eda optimizada para absorber vibraciones sin perder reactividad.<\/p>\n<div aria-hidden=\"true\" class=\"wp-block-spacer\"><\/div>\n<p><mark class=\"has-inline-color\"><a href=\"https:\/\/www.365rider.com\/inicio\/18018-bicicleta-wilier-granturismo-sl-shimano-105-di2-r7170-2x12s-negro.html\" target=\"_blank\" rel=\"noopener\" title=\"Ver en <a href=\"https:\/\/magazine.365rider.com\/?utm_source=aw&utm_term=690303&utm_medium=Delmar+Haas+55987010063&utm_campaign=A+rede+de+conte\u00fado+das+Assessorias+de+Imprensa+bra&clickref=&clickref2=unknown&awc=26763_1741265167_7511d9b8111321903ea94b9c437b9610\">365Rider.com<\/a>\">Ver en <a href=\"https:\/\/magazine.365rider.com\/?utm_source=aw&utm_term=690303&utm_medium=Delmar+Haas+55987010063&utm_campaign=A+rede+de+conte\u00fado+das+Assessorias+de+Imprensa+bra&clickref=&clickref2=unknown&awc=26763_1741265167_7511d9b8111321903ea94b9c437b9610\">365Rider.com<\/a><\/a><\/mark><\/p>\n<ul class=\"wp-block-list\">\n<li><strong>Cuadro de carbono monocasco NHU MOD<\/strong>, con alta resistencia y capacidad de amortiguaci\u00f3n vertical para mayor confort.<\/li>\n<li><strong>Grupo Shimano 105 Di2 R7170 (2x12V)<\/strong>, ofreciendo cambios electr\u00f3nicos precisos y fiables en cualquier situaci\u00f3n.<\/li>\n<li><strong>Compatibilidad con neum\u00e1ticos de hasta 38 mm<\/strong>, adapt\u00e1ndose tanto a carretera como a superficies mixtas.<\/li>\n<li><strong>Frenos de disco hidr\u00e1ulicos Shimano 105 BR-R7170<\/strong>, asegurando una frenada potente y progresiva en todas las condiciones.<\/li>\n<li><strong>Tija de sill\u00edn de carbono y patilla trasera UDH\u00ae<\/strong>, proporcionando estabilidad y compatibilidad con cambios SRAM T-Type.<\/li>\n<li><strong>Ruedas Vittoria Zaffiro 700x32c<\/strong>, equilibrando tracci\u00f3n y durabilidad para mayor versatilidad.<\/li>\n<li><strong>Manillar y potencia Ritchey\/Wilier en aleaci\u00f3n<\/strong>, optimizando ergonom\u00eda y control en largas distancias.<\/li>\n<\/ul>\n<div aria-hidden=\"true\" class=\"wp-block-spacer\"><\/div>\n<p><strong>Uso ideal:<\/strong> Largas rutas en carretera y terrenos mixtos, con un extra de confort y versatilidad.<\/p>\n<div aria-hidden=\"true\" class=\"wp-block-spacer\"><\/div>\n<h2 class=\"wp-block-heading\">Diferencias clave entre los modelos<\/h2>\n<table border=\"1\" cellspacing=\"0\" cellpadding=\"8\">\n<thead>\n<tr>\n<th>Caracter\u00edstica<\/th>\n<th>Wilier Filante SL<\/th>\n<th>Wilier Garda<\/th>\n<th>Wilier Jena<\/th>\n<th>Wilier GranTurismo SL<\/th>\n<\/tr>\n<\/thead>\n<tbody>\n<tr>\n<td><strong>Tipo de bicicleta<\/strong><\/td>\n<td>Carretera \u2013 Competici\u00f3n<\/td>\n<td>Carretera \u2013 Recreativo<\/td>\n<td>Gravel \u2013 Aventura<\/td>\n<td>All-Road \u2013 Resistencia<\/td>\n<\/tr>\n<tr>\n<td><strong>Cuadro<\/strong><\/td>\n<td>Carbono NHU MOD<\/td>\n<td>Carbono NH-Mod<\/td>\n<td>Carbono 60TON<\/td>\n<td>Carbono NHU MOD<\/td>\n<\/tr>\n<tr>\n<td><strong>Grupo de transmisi\u00f3n<\/strong><\/td>\n<td>Shimano Ultegra Di2 (2x12V)<\/td>\n<td>Shimano 105 (12V)<\/td>\n<td>Shimano GRX 1\u00d711<\/td>\n<td>Shimano 105 Di2 (2x12V)<\/td>\n<\/tr>\n<tr>\n<td><strong>Frenos<\/strong><\/td>\n<td>Disco hidr\u00e1ulico Shimano Ultegra<\/td>\n<td>Disco hidr\u00e1ulico Shimano 105<\/td>\n<td>Disco hidr\u00e1ulico Shimano GRX<\/td>\n<td>Disco hidr\u00e1ulico Shimano 105<\/td>\n<\/tr>\n<tr>\n<td><strong>Tama\u00f1o de ruedas<\/strong><\/td>\n<td>700x28c<\/td>\n<td>700c (hasta 32 mm)<\/td>\n<td>28\u2033 y 650B<\/td>\n<td>700c (hasta 38 mm)<\/td>\n<\/tr>\n<tr>\n<td><strong>Manillar<\/strong><\/td>\n<td>Z Bar integrado en carbono<\/td>\n<td>Stemma S en aleaci\u00f3n<\/td>\n<td>Deda Gravel 100<\/td>\n<td>Ritchey\/Wilier en aleaci\u00f3n<\/td>\n<\/tr>\n<tr>\n<td><strong>Uso ideal<\/strong><\/td>\n<td>Competici\u00f3n y entrenamientos exigentes<\/td>\n<td>Ciclismo recreativo y rutas largas<\/td>\n<td>Gravel, bikepacking y rutas off-road<\/td>\n<td>Largas distancias y rutas mixtas<\/td>\n<\/tr>\n<\/tbody>\n<\/table>\n<h2 class=\"wp-block-heading\">Consejos para elegir la bicicleta ideal<\/h2>\n<ul class=\"wp-block-list\">\n<li>Si compites y buscas velocidad m\u00e1xima \u2192 Wilier Filante SL es la opci\u00f3n aerodin\u00e1mica perfecta.<\/li>\n<li>Si quieres una bicicleta de carretera moderna y vers\u00e1til \u2192 Wilier Garda combina comodidad y rendimiento.<\/li>\n<li>Si eres un aventurero del gravel y el bikepacking \u2192 Wilier Jena es tu mejor aliada para terrenos mixtos.<\/li>\n<li>Si priorizas la comodidad en rutas largas \u2192 Wilier GranTurismo SL ofrece la mejor experiencia all-road.<\/li>\n<\/ul>\n<h2 class=\"wp-block-heading\">Conclusi\u00f3n<\/h2>\n<p>Cada bicicleta Wilier tiene un prop\u00f3sito claro dentro del mundo del ciclismo. La Filante SL es para la m\u00e1xima velocidad, la Garda para rutas de carretera recreativas, la Jena para aventuras gravel y la GranTurismo SL para largas distancias con comodidad.<\/p>\n<div aria-hidden=\"true\" class=\"wp-block-spacer\"><\/div>\n<p>Si est\u00e1s buscando tu pr\u00f3xima bicicleta Wilier, eval\u00faa tus necesidades y elige la que mejor se adapte a tu estilo de ciclismo.<\/p>\n<div aria-hidden=\"true\" class=\"wp-block-spacer\"><\/div>\n<p><strong>Encuentra la tuya en <a href=\"https:\/\/365rider.com\/\">365rider.com<\/a><\/strong> y descubre m\u00e1s an\u00e1lisis como este en <strong>365Rider Magazine<\/strong>, nuestro blog con reviews detalladas y novedades del mundo del ciclismo.<\/p>\n<p><!-- The post  <a href=\"https:\/\/magazine.365rider.com\/wilier-filante-garda-jena-y-granturismo-sl-cual-elegir\/\">Wilier Filante, Garda, Jena y GranTurismo SL: \u00bfcu\u00e1l elegir?<\/a> first appeared on <a href=\"https:\/\/magazine.365rider.com\/\">Magazine 365rider<\/a>.<\/p>","protected":false},"excerpt":{"rendered":"<p>Wilier es sin\u00f3nimo de innovaci\u00f3n y rendimiento en el mundo del ciclismo. Su gama incluye bicicletas&#8230;<\/p>\n","protected":false},"author":1,"featured_media":0,"comment_status":"","ping_status":"","sticky":false,"template":"","format":"standard","meta":{"fifu_image_url":"","fifu_image_alt":"","footnotes":""},"categories":[1],"tags":[],"class_list":["post-40490","post","type-post","status-publish","format-standard","hentry","category-news","wpcat-1-id"],"_links":{"self":[{"href":"https:\/\/new7.shop\/zerocostfreehost\/index.php\/wp-json\/wp\/v2\/posts\/40490","targetHints":{"allow":["GET"]}}],"collection":[{"href":"https:\/\/new7.shop\/zerocostfreehost\/index.php\/wp-json\/wp\/v2\/posts"}],"about":[{"href":"https:\/\/new7.shop\/zerocostfreehost\/index.php\/wp-json\/wp\/v2\/types\/post"}],"author":[{"embeddable":true,"href":"https:\/\/new7.shop\/zerocostfreehost\/index.php\/wp-json\/wp\/v2\/users\/1"}],"replies":[{"embeddable":true,"href":"https:\/\/new7.shop\/zerocostfreehost\/index.php\/wp-json\/wp\/v2\/comments?post=40490"}],"version-history":[{"count":0,"href":"https:\/\/new7.shop\/zerocostfreehost\/index.php\/wp-json\/wp\/v2\/posts\/40490\/revisions"}],"wp:attachment":[{"href":"https:\/\/new7.shop\/zerocostfreehost\/index.php\/wp-json\/wp\/v2\/media?parent=40490"}],"wp:term":[{"taxonomy":"category","embeddable":true,"href":"https:\/\/new7.shop\/zerocostfreehost\/index.php\/wp-json\/wp\/v2\/categories?post=40490"},{"taxonomy":"post_tag","embeddable":true,"href":"https:\/\/new7.shop\/zerocostfreehost\/index.php\/wp-json\/wp\/v2\/tags?post=40490"}],"curies":[{"name":"wp","href":"https:\/\/api.w.org\/{rel}","templated":true}]}}